{"id":13601,"date":"2024-06-29T18:40:00","date_gmt":"2024-06-29T15:40:00","guid":{"rendered":"https:\/\/halic.com\/tr\/?p=13601"},"modified":"2025-05-29T18:53:25","modified_gmt":"2025-05-29T15:53:25","slug":"afife-odul-toreni-halic-kongre-merkezinde-sanatin-isiltisi-parladi","status":"publish","type":"post","link":"https:\/\/halic.com\/tr\/blog\/2024\/06\/29\/afife-odul-toreni-halic-kongre-merkezinde-sanatin-isiltisi-parladi\/","title":{"rendered":"Afife \u00d6d\u00fcl T\u00f6reni: Hali\u00e7 Kongre Merkezi\u2019nde Sanat\u0131n I\u015f\u0131lt\u0131s\u0131 Parlad\u0131"},"content":{"rendered":"\n<p>T\u00fcrk tiyatrosunun en prestijli etkinliklerinden biri olan <strong>Afife Tiyatro \u00d6d\u00fclleri<\/strong>, bu y\u0131l da <strong>Hali\u00e7 Kongre Merkezi<\/strong>&#8216;nde sanatseverlerle bulu\u015ftu. \u0130stanbul\u2019un e\u015fsiz manzaras\u0131na kar\u015f\u0131 ger\u00e7ekle\u015fen gecede, sanat ve tiyatro d\u00fcnyas\u0131n\u0131n \u00f6nde gelen isimleri bir araya geldi.<\/p>\n\n\n\n<p>Afife Jale&#8217;nin ad\u0131n\u0131 ya\u015fatan bu anlaml\u0131 \u00f6d\u00fcl t\u00f6reni, yaln\u0131zca bir \u00f6d\u00fcl gecesi de\u011fil, ayn\u0131 zamanda T\u00fcrk tiyatrosunun geli\u015fimini kutlayan ve gelece\u011fine \u0131\u015f\u0131k tutan bir sanat \u015f\u00f6leni olarak dikkat \u00e7ekti. Tiyatro camias\u0131n\u0131n d\u00f6rt g\u00f6zle bekledi\u011fi t\u00f6rende, y\u0131l boyunca sahnelenen en ba\u015far\u0131l\u0131 yap\u0131mlar, y\u00f6netmenler ve oyuncular \u00f6d\u00fcllerine kavu\u015ftu.<\/p>\n\n\n\n<p>Kat\u0131l\u0131mc\u0131lara unutulmaz anlar ya\u015fatan gecede, hem sahne performanslar\u0131 hem de duygusal konu\u015fmalar damga vurdu. Gen\u00e7 yetenekler ile usta isimlerin ayn\u0131 sahnede bulu\u015ftu\u011fu Afife \u00d6d\u00fcl T\u00f6reni, bir kez daha tiyatronun birle\u015ftirici g\u00fcc\u00fcn\u00fc ortaya koydu.<\/p>\n\n\n\n<p>Sanat\u0131n zarafetini ve tiyatronun tutkusunu ayn\u0131 \u00e7at\u0131 alt\u0131nda bulu\u015fturan bu g\u00f6rkemli gece, <strong>Hali\u00e7\u2019in b\u00fcy\u00fcleyici atmosferiyle<\/strong> daha da anlam kazand\u0131.<\/p>\n","protected":false},"excerpt":{"rendered":"<p>T\u00fcrk tiyatrosunun en prestijli etkinliklerinden biri olan Afife Tiyatro \u00d6d\u00fclleri, bu y\u0131l da Hali\u00e7 Kongre Merkezi&#8216;nde sanatseverlerle bulu\u015ftu. \u0130stanbul\u2019un e\u015fsiz manzaras\u0131na kar\u015f\u0131 ger\u00e7ekle\u015fen gecede, sanat ve tiyatro d\u00fcnyas\u0131n\u0131n \u00f6nde gelen [&hellip;]<\/p>\n","protected":false},"author":1,"featured_media":13606,"comment_status":"closed","ping_status":"closed","sticky":false,"template":"","format":"standard","meta":[],"categories":[105],"tags":[],"yoast_head":"<!-- This site is optimized with the Yoast SEO plugin v18.9 - https:\/\/yoast.com\/wordpress\/plugins\/seo\/ -->\n<title>Afife \u00d6d\u00fcl T\u00f6reni: Hali\u00e7 Kongre Merkezi\u2019nde Sanat\u0131n I\u015f\u0131lt\u0131s\u0131 Parlad\u0131 | Hali\u00e7 Kongre Merkezi<\/title>\n<meta name=\"description\" content=\"Hali\u00e7 Kongre Merkezi, T\u00fcrk tiyatrosunun en prestijli \u00f6d\u00fcl t\u00f6renlerinden biri olan Afife \u00d6d\u00fclleri\u2019ne ev sahipli\u011fi yapmaya devam ediyor.\" \/>\n<meta name=\"robots\" content=\"index, follow, max-snippet:-1, max-image-preview:large, max-video-preview:-1\" \/>\n<link rel=\"canonical\" href=\"https:\/\/halic.com\/tr\/blog\/2024\/06\/29\/afife-odul-toreni-halic-kongre-merkezinde-sanatin-isiltisi-parladi\/\" \/>\n<meta property=\"og:locale\" content=\"tr_TR\" \/>\n<meta property=\"og:type\" content=\"article\" \/>\n<meta property=\"og:title\" content=\"Afife \u00d6d\u00fcl T\u00f6reni: Hali\u00e7 Kongre Merkezi\u2019nde Sanat\u0131n I\u015f\u0131lt\u0131s\u0131 Parlad\u0131 | Hali\u00e7 Kongre Merkezi\" \/>\n<meta property=\"og:description\" content=\"Hali\u00e7 Kongre Merkezi, T\u00fcrk tiyatrosunun en prestijli \u00f6d\u00fcl t\u00f6renlerinden biri olan Afife \u00d6d\u00fclleri\u2019ne ev sahipli\u011fi yapmaya devam ediyor.\" \/>\n<meta property=\"og:url\" content=\"https:\/\/halic.com\/tr\/blog\/2024\/06\/29\/afife-odul-toreni-halic-kongre-merkezinde-sanatin-isiltisi-parladi\/\" \/>\n<meta property=\"og:site_name\" content=\"Hali\u00e7 Kongre Merkezi\" \/>\n<meta property=\"article:publisher\" content=\"https:\/\/www.facebook.com\/HalicKongreMerkezi\/\" \/>\n<meta property=\"article:published_time\" content=\"2024-06-29T15:40:00+00:00\" \/>\n<meta property=\"article:modified_time\" content=\"2025-05-29T15:53:25+00:00\" \/>\n<meta property=\"og:image\" content=\"https:\/\/halic.com\/tr\/wp-content\/uploads\/sites\/2\/2025\/05\/afife-odulleri-hkm-1.jpg\" \/>\n\t<meta property=\"og:image:width\" content=\"1921\" \/>\n\t<meta property=\"og:image:height\" content=\"1081\" \/>\n\t<meta property=\"og:image:type\" content=\"image\/jpeg\" \/>\n<meta name=\"twitter:card\" content=\"summary_large_image\" \/>\n<meta name=\"twitter:label1\" content=\"Yazan:\" \/>\n\t<meta name=\"twitter:data1\" content=\"Hali\u00e7 Kongre Merkezi\" \/>\n\t<meta name=\"twitter:label2\" content=\"Tahmini okuma s\u00fcresi\" \/>\n\t<meta name=\"twitter:data2\" content=\"1 dakika\" \/>\n<script type=\"application\/ld+json\" class=\"yoast-schema-graph\">{\"@context\":\"https:\/\/schema.org\",\"@graph\":[{\"@type\":\"Organization\",\"@id\":\"https:\/\/halic.com\/tr\/#organization\",\"name\":\"Hali\u00e7 Kongre Merkezi\",\"url\":\"https:\/\/halic.com\/tr\/\",\"sameAs\":[\"https:\/\/www.linkedin.com\/company\/halickongremerkezi\/\",\"https:\/\/www.instagram.com\/halickongremerkezi\/\",\"https:\/\/www.facebook.com\/HalicKongreMerkezi\/\"],\"logo\":{\"@type\":\"ImageObject\",\"inLanguage\":\"tr\",\"@id\":\"https:\/\/halic.com\/tr\/#\/schema\/logo\/image\/\",\"url\":\"https:\/\/halic.com\/tr\/wp-content\/uploads\/sites\/2\/2019\/05\/hkm-logo-tr-color-36.svg\",\"contentUrl\":\"https:\/\/halic.com\/tr\/wp-content\/uploads\/sites\/2\/2019\/05\/hkm-logo-tr-color-36.svg\",\"width\":108,\"height\":131,\"caption\":\"Hali\u00e7 Kongre Merkezi\"},\"image\":{\"@id\":\"https:\/\/halic.com\/tr\/#\/schema\/logo\/image\/\"}},{\"@type\":\"WebSite\",\"@id\":\"https:\/\/halic.com\/tr\/#website\",\"url\":\"https:\/\/halic.com\/tr\/\",\"name\":\"Hali\u00e7 Kongre Merkezi\",\"description\":\"Mutlu Mekan\",\"publisher\":{\"@id\":\"https:\/\/halic.com\/tr\/#organization\"},\"potentialAction\":[{\"@type\":\"SearchAction\",\"target\":{\"@type\":\"EntryPoint\",\"urlTemplate\":\"https:\/\/halic.com\/tr\/?s={search_term_string}\"},\"query-input\":\"required name=search_term_string\"}],\"inLanguage\":\"tr\"},{\"@type\":\"ImageObject\",\"inLanguage\":\"tr\",\"@id\":\"https:\/\/halic.com\/tr\/blog\/2024\/06\/29\/afife-odul-toreni-halic-kongre-merkezinde-sanatin-isiltisi-parladi\/#primaryimage\",\"url\":\"https:\/\/halic.com\/tr\/wp-content\/uploads\/sites\/2\/2025\/05\/afife-odulleri-hkm-1.jpg\",\"contentUrl\":\"https:\/\/halic.com\/tr\/wp-content\/uploads\/sites\/2\/2025\/05\/afife-odulleri-hkm-1.jpg\",\"width\":1921,\"height\":1081},{\"@type\":\"WebPage\",\"@id\":\"https:\/\/halic.com\/tr\/blog\/2024\/06\/29\/afife-odul-toreni-halic-kongre-merkezinde-sanatin-isiltisi-parladi\/#webpage\",\"url\":\"https:\/\/halic.com\/tr\/blog\/2024\/06\/29\/afife-odul-toreni-halic-kongre-merkezinde-sanatin-isiltisi-parladi\/\",\"name\":\"Afife \u00d6d\u00fcl T\u00f6reni: Hali\u00e7 Kongre Merkezi\u2019nde Sanat\u0131n I\u015f\u0131lt\u0131s\u0131 Parlad\u0131 | Hali\u00e7 Kongre Merkezi\",\"isPartOf\":{\"@id\":\"https:\/\/halic.com\/tr\/#website\"},\"primaryImageOfPage\":{\"@id\":\"https:\/\/halic.com\/tr\/blog\/2024\/06\/29\/afife-odul-toreni-halic-kongre-merkezinde-sanatin-isiltisi-parladi\/#primaryimage\"},\"datePublished\":\"2024-06-29T15:40:00+00:00\",\"dateModified\":\"2025-05-29T15:53:25+00:00\",\"description\":\"Hali\u00e7 Kongre Merkezi, T\u00fcrk tiyatrosunun en prestijli \u00f6d\u00fcl t\u00f6renlerinden biri olan Afife \u00d6d\u00fclleri\u2019ne ev sahipli\u011fi yapmaya devam ediyor.\",\"breadcrumb\":{\"@id\":\"https:\/\/halic.com\/tr\/blog\/2024\/06\/29\/afife-odul-toreni-halic-kongre-merkezinde-sanatin-isiltisi-parladi\/#breadcrumb\"},\"inLanguage\":\"tr\",\"potentialAction\":[{\"@type\":\"ReadAction\",\"target\":[\"https:\/\/halic.com\/tr\/blog\/2024\/06\/29\/afife-odul-toreni-halic-kongre-merkezinde-sanatin-isiltisi-parladi\/\"]}]},{\"@type\":\"BreadcrumbList\",\"@id\":\"https:\/\/halic.com\/tr\/blog\/2024\/06\/29\/afife-odul-toreni-halic-kongre-merkezinde-sanatin-isiltisi-parladi\/#breadcrumb\",\"itemListElement\":[{\"@type\":\"ListItem\",\"position\":1,\"name\":\"Home\",\"item\":\"https:\/\/halic.com\/tr\/\"},{\"@type\":\"ListItem\",\"position\":2,\"name\":\"Afife \u00d6d\u00fcl T\u00f6reni: Hali\u00e7 Kongre Merkezi\u2019nde Sanat\u0131n I\u015f\u0131lt\u0131s\u0131 Parlad\u0131\"}]},{\"@type\":\"Article\",\"@id\":\"https:\/\/halic.com\/tr\/blog\/2024\/06\/29\/afife-odul-toreni-halic-kongre-merkezinde-sanatin-isiltisi-parladi\/#article\",\"isPartOf\":{\"@id\":\"https:\/\/halic.com\/tr\/blog\/2024\/06\/29\/afife-odul-toreni-halic-kongre-merkezinde-sanatin-isiltisi-parladi\/#webpage\"},\"author\":{\"@id\":\"https:\/\/halic.com\/tr\/#\/schema\/person\/6a4d2c7dfbf5dad341b041d787bc8bbd\"},\"headline\":\"Afife \u00d6d\u00fcl T\u00f6reni: Hali\u00e7 Kongre Merkezi\u2019nde Sanat\u0131n I\u015f\u0131lt\u0131s\u0131 Parlad\u0131\",\"datePublished\":\"2024-06-29T15:40:00+00:00\",\"dateModified\":\"2025-05-29T15:53:25+00:00\",\"mainEntityOfPage\":{\"@id\":\"https:\/\/halic.com\/tr\/blog\/2024\/06\/29\/afife-odul-toreni-halic-kongre-merkezinde-sanatin-isiltisi-parladi\/#webpage\"},\"wordCount\":201,\"publisher\":{\"@id\":\"https:\/\/halic.com\/tr\/#organization\"},\"image\":{\"@id\":\"https:\/\/halic.com\/tr\/blog\/2024\/06\/29\/afife-odul-toreni-halic-kongre-merkezinde-sanatin-isiltisi-parladi\/#primaryimage\"},\"thumbnailUrl\":\"https:\/\/halic.com\/tr\/wp-content\/uploads\/sites\/2\/2025\/05\/afife-odulleri-hkm-1.jpg\",\"articleSection\":[\"Son Etkinlikler\"],\"inLanguage\":\"tr\"},{\"@type\":\"Person\",\"@id\":\"https:\/\/halic.com\/tr\/#\/schema\/person\/6a4d2c7dfbf5dad341b041d787bc8bbd\",\"name\":\"Hali\u00e7 Kongre Merkezi\",\"image\":{\"@type\":\"ImageObject\",\"inLanguage\":\"tr\",\"@id\":\"https:\/\/halic.com\/tr\/#\/schema\/person\/image\/\",\"url\":\"https:\/\/secure.gravatar.com\/avatar\/ee9a2f66bbae15e052837e6a5c466579?s=96&d=mm&r=g\",\"contentUrl\":\"https:\/\/secure.gravatar.com\/avatar\/ee9a2f66bbae15e052837e6a5c466579?s=96&d=mm&r=g\",\"caption\":\"Hali\u00e7 Kongre Merkezi\"},\"sameAs\":[\"http:\/\/halic.com\"],\"url\":\"https:\/\/halic.com\/tr\/blog\/author\/hkmhkm\/\"}]}<\/script>\n<!-- \/ Yoast SEO plugin. -->","yoast_head_json":{"title":"Afife \u00d6d\u00fcl T\u00f6reni: Hali\u00e7 Kongre Merkezi\u2019nde Sanat\u0131n I\u015f\u0131lt\u0131s\u0131 Parlad\u0131 | Hali\u00e7 Kongre Merkezi","description":"Hali\u00e7 Kongre Merkezi, T\u00fcrk tiyatrosunun en prestijli \u00f6d\u00fcl t\u00f6renlerinden biri olan Afife \u00d6d\u00fclleri\u2019ne ev sahipli\u011fi yapmaya devam ediyor.","robots":{"index":"index","follow":"follow","max-snippet":"max-snippet:-1","max-image-preview":"max-image-preview:large","max-video-preview":"max-video-preview:-1"},"canonical":"https:\/\/halic.com\/tr\/blog\/2024\/06\/29\/afife-odul-toreni-halic-kongre-merkezinde-sanatin-isiltisi-parladi\/","og_locale":"tr_TR","og_type":"article","og_title":"Afife \u00d6d\u00fcl T\u00f6reni: Hali\u00e7 Kongre Merkezi\u2019nde Sanat\u0131n I\u015f\u0131lt\u0131s\u0131 Parlad\u0131 | Hali\u00e7 Kongre Merkezi","og_description":"Hali\u00e7 Kongre Merkezi, T\u00fcrk tiyatrosunun en prestijli \u00f6d\u00fcl t\u00f6renlerinden biri olan Afife \u00d6d\u00fclleri\u2019ne ev sahipli\u011fi yapmaya devam ediyor.","og_url":"https:\/\/halic.com\/tr\/blog\/2024\/06\/29\/afife-odul-toreni-halic-kongre-merkezinde-sanatin-isiltisi-parladi\/","og_site_name":"Hali\u00e7 Kongre Merkezi","article_publisher":"https:\/\/www.facebook.com\/HalicKongreMerkezi\/","article_published_time":"2024-06-29T15:40:00+00:00","article_modified_time":"2025-05-29T15:53:25+00:00","og_image":[{"width":1921,"height":1081,"url":"https:\/\/halic.com\/tr\/wp-content\/uploads\/sites\/2\/2025\/05\/afife-odulleri-hkm-1.jpg","type":"image\/jpeg"}],"twitter_card":"summary_large_image","twitter_misc":{"Yazan:":"Hali\u00e7 Kongre Merkezi","Tahmini okuma s\u00fcresi":"1 dakika"},"schema":{"@context":"https:\/\/schema.org","@graph":[{"@type":"Organization","@id":"https:\/\/halic.com\/tr\/#organization","name":"Hali\u00e7 Kongre Merkezi","url":"https:\/\/halic.com\/tr\/","sameAs":["https:\/\/www.linkedin.com\/company\/halickongremerkezi\/","https:\/\/www.instagram.com\/halickongremerkezi\/","https:\/\/www.facebook.com\/HalicKongreMerkezi\/"],"logo":{"@type":"ImageObject","inLanguage":"tr","@id":"https:\/\/halic.com\/tr\/#\/schema\/logo\/image\/","url":"https:\/\/halic.com\/tr\/wp-content\/uploads\/sites\/2\/2019\/05\/hkm-logo-tr-color-36.svg","contentUrl":"https:\/\/halic.com\/tr\/wp-content\/uploads\/sites\/2\/2019\/05\/hkm-logo-tr-color-36.svg","width":108,"height":131,"caption":"Hali\u00e7 Kongre Merkezi"},"image":{"@id":"https:\/\/halic.com\/tr\/#\/schema\/logo\/image\/"}},{"@type":"WebSite","@id":"https:\/\/halic.com\/tr\/#website","url":"https:\/\/halic.com\/tr\/","name":"Hali\u00e7 Kongre Merkezi","description":"Mutlu Mekan","publisher":{"@id":"https:\/\/halic.com\/tr\/#organization"},"potentialAction":[{"@type":"SearchAction","target":{"@type":"EntryPoint","urlTemplate":"https:\/\/halic.com\/tr\/?s={search_term_string}"},"query-input":"required name=search_term_string"}],"inLanguage":"tr"},{"@type":"ImageObject","inLanguage":"tr","@id":"https:\/\/halic.com\/tr\/blog\/2024\/06\/29\/afife-odul-toreni-halic-kongre-merkezinde-sanatin-isiltisi-parladi\/#primaryimage","url":"https:\/\/halic.com\/tr\/wp-content\/uploads\/sites\/2\/2025\/05\/afife-odulleri-hkm-1.jpg","contentUrl":"https:\/\/halic.com\/tr\/wp-content\/uploads\/sites\/2\/2025\/05\/afife-odulleri-hkm-1.jpg","width":1921,"height":1081},{"@type":"WebPage","@id":"https:\/\/halic.com\/tr\/blog\/2024\/06\/29\/afife-odul-toreni-halic-kongre-merkezinde-sanatin-isiltisi-parladi\/#webpage","url":"https:\/\/halic.com\/tr\/blog\/2024\/06\/29\/afife-odul-toreni-halic-kongre-merkezinde-sanatin-isiltisi-parladi\/","name":"Afife \u00d6d\u00fcl T\u00f6reni: Hali\u00e7 Kongre Merkezi\u2019nde Sanat\u0131n I\u015f\u0131lt\u0131s\u0131 Parlad\u0131 | Hali\u00e7 Kongre Merkezi","isPartOf":{"@id":"https:\/\/halic.com\/tr\/#website"},"primaryImageOfPage":{"@id":"https:\/\/halic.com\/tr\/blog\/2024\/06\/29\/afife-odul-toreni-halic-kongre-merkezinde-sanatin-isiltisi-parladi\/#primaryimage"},"datePublished":"2024-06-29T15:40:00+00:00","dateModified":"2025-05-29T15:53:25+00:00","description":"Hali\u00e7 Kongre Merkezi, T\u00fcrk tiyatrosunun en prestijli \u00f6d\u00fcl t\u00f6renlerinden biri olan Afife \u00d6d\u00fclleri\u2019ne ev sahipli\u011fi yapmaya devam ediyor.","breadcrumb":{"@id":"https:\/\/halic.com\/tr\/blog\/2024\/06\/29\/afife-odul-toreni-halic-kongre-merkezinde-sanatin-isiltisi-parladi\/#breadcrumb"},"inLanguage":"tr","potentialAction":[{"@type":"ReadAction","target":["https:\/\/halic.com\/tr\/blog\/2024\/06\/29\/afife-odul-toreni-halic-kongre-merkezinde-sanatin-isiltisi-parladi\/"]}]},{"@type":"BreadcrumbList","@id":"https:\/\/halic.com\/tr\/blog\/2024\/06\/29\/afife-odul-toreni-halic-kongre-merkezinde-sanatin-isiltisi-parladi\/#breadcrumb","itemListElement":[{"@type":"ListItem","position":1,"name":"Home","item":"https:\/\/halic.com\/tr\/"},{"@type":"ListItem","position":2,"name":"Afife \u00d6d\u00fcl T\u00f6reni: Hali\u00e7 Kongre Merkezi\u2019nde Sanat\u0131n I\u015f\u0131lt\u0131s\u0131 Parlad\u0131"}]},{"@type":"Article","@id":"https:\/\/halic.com\/tr\/blog\/2024\/06\/29\/afife-odul-toreni-halic-kongre-merkezinde-sanatin-isiltisi-parladi\/#article","isPartOf":{"@id":"https:\/\/halic.com\/tr\/blog\/2024\/06\/29\/afife-odul-toreni-halic-kongre-merkezinde-sanatin-isiltisi-parladi\/#webpage"},"author":{"@id":"https:\/\/halic.com\/tr\/#\/schema\/person\/6a4d2c7dfbf5dad341b041d787bc8bbd"},"headline":"Afife \u00d6d\u00fcl T\u00f6reni: Hali\u00e7 Kongre Merkezi\u2019nde Sanat\u0131n I\u015f\u0131lt\u0131s\u0131 Parlad\u0131","datePublished":"2024-06-29T15:40:00+00:00","dateModified":"2025-05-29T15:53:25+00:00","mainEntityOfPage":{"@id":"https:\/\/halic.com\/tr\/blog\/2024\/06\/29\/afife-odul-toreni-halic-kongre-merkezinde-sanatin-isiltisi-parladi\/#webpage"},"wordCount":201,"publisher":{"@id":"https:\/\/halic.com\/tr\/#organization"},"image":{"@id":"https:\/\/halic.com\/tr\/blog\/2024\/06\/29\/afife-odul-toreni-halic-kongre-merkezinde-sanatin-isiltisi-parladi\/#primaryimage"},"thumbnailUrl":"https:\/\/halic.com\/tr\/wp-content\/uploads\/sites\/2\/2025\/05\/afife-odulleri-hkm-1.jpg","articleSection":["Son Etkinlikler"],"inLanguage":"tr"},{"@type":"Person","@id":"https:\/\/halic.com\/tr\/#\/schema\/person\/6a4d2c7dfbf5dad341b041d787bc8bbd","name":"Hali\u00e7 Kongre Merkezi","image":{"@type":"ImageObject","inLanguage":"tr","@id":"https:\/\/halic.com\/tr\/#\/schema\/person\/image\/","url":"https:\/\/secure.gravatar.com\/avatar\/ee9a2f66bbae15e052837e6a5c466579?s=96&d=mm&r=g","contentUrl":"https:\/\/secure.gravatar.com\/avatar\/ee9a2f66bbae15e052837e6a5c466579?s=96&d=mm&r=g","caption":"Hali\u00e7 Kongre Merkezi"},"sameAs":["http:\/\/halic.com"],"url":"https:\/\/halic.com\/tr\/blog\/author\/hkmhkm\/"}]}},"_links":{"self":[{"href":"https:\/\/halic.com\/tr\/wp-json\/wp\/v2\/posts\/13601"}],"collection":[{"href":"https:\/\/halic.com\/tr\/wp-json\/wp\/v2\/posts"}],"about":[{"href":"https:\/\/halic.com\/tr\/wp-json\/wp\/v2\/types\/post"}],"author":[{"embeddable":true,"href":"https:\/\/halic.com\/tr\/wp-json\/wp\/v2\/users\/1"}],"replies":[{"embeddable":true,"href":"https:\/\/halic.com\/tr\/wp-json\/wp\/v2\/comments?post=13601"}],"version-history":[{"count":1,"href":"https:\/\/halic.com\/tr\/wp-json\/wp\/v2\/posts\/13601\/revisions"}],"predecessor-version":[{"id":13603,"href":"https:\/\/halic.com\/tr\/wp-json\/wp\/v2\/posts\/13601\/revisions\/13603"}],"wp:featuredmedia":[{"embeddable":true,"href":"https:\/\/halic.com\/tr\/wp-json\/wp\/v2\/media\/13606"}],"wp:attachment":[{"href":"https:\/\/halic.com\/tr\/wp-json\/wp\/v2\/media?parent=13601"}],"wp:term":[{"taxonomy":"category","embeddable":true,"href":"https:\/\/halic.com\/tr\/wp-json\/wp\/v2\/categories?post=13601"},{"taxonomy":"post_tag","embeddable":true,"href":"https:\/\/halic.com\/tr\/wp-json\/wp\/v2\/tags?post=13601"}],"curies":[{"name":"wp","href":"https:\/\/api.w.org\/{rel}","templated":true}]}}